{"id":9696,"date":"2016-06-21T13:08:34","date_gmt":"2016-06-21T16:08:34","guid":{"rendered":"https:\/\/lavits.bemvindo.co\/oficinas-itinerantes-lavits-1a-edicao-ocorre-no-chile\/"},"modified":"2016-06-21T13:08:34","modified_gmt":"2016-06-21T16:08:34","slug":"oficinas-itinerantes-lavits-1a-edicao-ocorre-no-chile","status":"publish","type":"post","link":"https:\/\/lavits.org\/en\/oficinas-itinerantes-lavits-1a-edicao-ocorre-no-chile\/","title":{"rendered":"Oficinas Itinerantes Lavits: 1\u00aa edi\u00e7\u00e3o ocorre no Chile"},"content":{"rendered":"<p>Entre os dias 4 e 9 de abril, a Lavits realizou sua primeira edi\u00e7\u00e3o de oficinas itinerantes, que ocorreram em Santiago e Valpara\u00edso, no Chile. As atividades fazem parte do projeto \u201cRede Latino-\u00adAmericana de Estudos sobre Vigil\u00e2ncia, Tecnologia e Sociedade: interse\u00e7\u00f5es entre pesquisa, a\u00e7\u00e3o e tecnologia\u201d, financiado pela Funda\u00e7\u00e3o Ford. Os encontros, que contaram com a presen\u00e7a dos pesquisadores da Lavits Fernanda Bruno, Marta Kanashiro e Paulo Lara, foram marcados por debates, rodas de conversa e oficinas sobre pol\u00edticas de privacidade e vigil\u00e2ncia e ativismo midi\u00e1tico.<\/p>\n<p>Veja mais informa\u00e7\u00f5es <a href=\"https:\/\/lavits.org\/no-chile-lavits-realiza-primeira-edicao-de-oficinas-itinerantes\/\" target=\"_blank\" rel=\"noopener\">aqui<\/a>.<\/p>\n","protected":false},"excerpt":{"rendered":"<p>Entre os dias 4 e 9 de abril, a Lavits realizou sua primeira edi\u00e7\u00e3o de oficinas itinerantes, que ocorreram em Santiago e Valpara\u00edso, no Chile. As atividades fazem parte do [&hellip;]<\/p>\n","protected":false},"author":3,"featured_media":0,"comment_status":"closed","ping_status":"closed","sticky":false,"template":"","format":"standard","meta":{"inline_featured_image":false,"_EventAllDay":false,"_EventTimezone":"","_EventStartDate":"","_EventEndDate":"","_EventStartDateUTC":"","_EventEndDateUTC":"","_EventShowMap":false,"_EventShowMapLink":false,"_EventURL":"","_EventCost":"","_EventCostDescription":"","_EventCurrencySymbol":"","_EventCurrencyCode":"","_EventCurrencyPosition":"","_EventDateTimeSeparator":"","_EventTimeRangeSeparator":"","_EventOrganizerID":[],"_EventVenueID":[],"_OrganizerEmail":"","_OrganizerPhone":"","_OrganizerWebsite":"","_VenueAddress":"","_VenueCity":"","_VenueCountry":"","_VenueProvince":"","_VenueState":"","_VenueZip":"","_VenuePhone":"","_VenueURL":"","_VenueStateProvince":"","_VenueLat":"","_VenueLng":"","_VenueShowMap":false,"_VenueShowMapLink":false,"footnotes":""},"categories":[1015],"tags":[],"tematica":[859,919,929,939,945],"destaque":[],"class_list":["post-9696","post","type-post","status-publish","format-standard","hentry","category-oficinas-en","tematica-ativismo-digital-en","tematica-lutas-sociais-en","tematica-seguranca-privacidade-en","tematica-tecnopoliticas-en","tematica-vigilancia-en"],"blocksy_meta":{"styles_descriptor":{"styles":{"desktop":"","tablet":"","mobile":""},"google_fonts":[],"version":6}},"acf":[],"_links":{"self":[{"href":"https:\/\/lavits.org\/en\/wp-json\/wp\/v2\/posts\/9696","targetHints":{"allow":["GET"]}}],"collection":[{"href":"https:\/\/lavits.org\/en\/wp-json\/wp\/v2\/posts"}],"about":[{"href":"https:\/\/lavits.org\/en\/wp-json\/wp\/v2\/types\/post"}],"author":[{"embeddable":true,"href":"https:\/\/lavits.org\/en\/wp-json\/wp\/v2\/users\/3"}],"replies":[{"embeddable":true,"href":"https:\/\/lavits.org\/en\/wp-json\/wp\/v2\/comments?post=9696"}],"version-history":[{"count":0,"href":"https:\/\/lavits.org\/en\/wp-json\/wp\/v2\/posts\/9696\/revisions"}],"wp:attachment":[{"href":"https:\/\/lavits.org\/en\/wp-json\/wp\/v2\/media?parent=9696"}],"wp:term":[{"taxonomy":"category","embeddable":true,"href":"https:\/\/lavits.org\/en\/wp-json\/wp\/v2\/categories?post=9696"},{"taxonomy":"post_tag","embeddable":true,"href":"https:\/\/lavits.org\/en\/wp-json\/wp\/v2\/tags?post=9696"},{"taxonomy":"tematica","embeddable":true,"href":"https:\/\/lavits.org\/en\/wp-json\/wp\/v2\/tematica?post=9696"},{"taxonomy":"destaque","embeddable":true,"href":"https:\/\/lavits.org\/en\/wp-json\/wp\/v2\/destaque?post=9696"}],"curies":[{"name":"wp","href":"https:\/\/api.w.org\/{rel}","templated":true}]}}