{"id":734,"date":"2013-09-26T16:44:23","date_gmt":"2013-09-26T19:44:23","guid":{"rendered":"https:\/\/lavits.org\/?p=734"},"modified":"2022-03-04T15:25:08","modified_gmt":"2022-03-04T18:25:08","slug":"espanol-breve-informe-sobre-vigilancia-en-argentina-2007-2013","status":"publish","type":"post","link":"https:\/\/lavits.org\/es\/espanol-breve-informe-sobre-vigilancia-en-argentina-2007-2013\/","title":{"rendered":"Breve Informe sobre Vigilancia en Argentina (2007-2013)"},"content":{"rendered":"<p lang=\"es-ES\">Autor: Luis Garcia Fanlo (Soci\u00f3logo. Miembro de Lavits y profesor Universidad de Buenos Aires &#8211; UBA)<\/p>\n<p lang=\"es-ES\">Hacia 2007 ya se instalaban anualmente en la Ciudad de Buenos Aires unas 20.000 c\u00e1maras de videovigilancia integradas con los sistemas inform\u00e1ticos del Estado y de las empresas privadas utilizando software que permit\u00eda la convergencia digital de datos, im\u00e1genes y voz, reconocimiento facial, interconexi\u00f3n entre bases de datos p\u00fablicas y privadas, georreferenciaci\u00f3n satelital y lectores biom\u00e9tricos. Comienza la era de las redes de vigilancia digital y junto con ella un nuevo y lucrativo negocio instal\u00e1ndose en el pa\u00eds empresas extranjeras as\u00ed como expandiendo sus negocios las empresas nacionales proveedoras \u2013principalmente al Estado- de equipos, software, agencias privadas de seguridad, cursos de capacitaci\u00f3n, instalaciones de monitoreo, centrales de alarmas, etc. Entre 2007 y 2012 el gobierno nacional emprende una activa campa\u00f1a para asumir como propia la lucha contra el crimen organizado y la inseguridad cotidiana que incluye la modernizaci\u00f3n de las fuerzas federales de seguridad (Polic\u00eda Federal, Gendarmer\u00eda Nacional, Polic\u00eda Aeron\u00e1utica Nacional; Prefectura Naval) asign\u00e1ndoles equipamiento en videovigilancia y redes de vigilancia digital.<\/p>\n<p lang=\"es-ES\">El lanzamiento del \u201cPrograma Nacional de Seguridad Ciudadana\u201d, en 2008, signific\u00f3 un desembolso de 400 millones de pesos para que distintas ciudades y municipios de la Provincia de Buenos Aires y del interior del pa\u00eds invirtieran en tecnolog\u00edas de videovigilancia digital; en diciembre de 2010 se crea por decreto presidencial el Ministerio de Seguridad que r\u00e1pidamente implementa nuevos planes y programas de vigilancia y seguridad como \u201cBuenos Aires Segura\u201d, \u201cEscudo Norte\u201d, \u201cTren Alerta\u201d y \u201cOperativo Vig\u00eda\u201d, todos ellos ensamblados interactivamente con la naciente red de vigilancia digital estatal.<\/p>\n<p lang=\"es-ES\">En noviembre de 2011 la presidenta de la naci\u00f3n, por cadena nacional, anuncia la creaci\u00f3n del Sistema Federal de Identificaci\u00f3n Biom\u00e9trica para la Seguridad (SIBIOS) que consiste en la implementaci\u00f3n en tiempo real, de forma automatizable y con efectos retroactivos de un sistema de seguridad electr\u00f3nica que permite identificar personas a trav\u00e9s de cualquier c\u00e1mara de videovigilancia utilizando sofisticados programas de computaci\u00f3n que permiten en forma indetectable e ineludible el reconocimiento biom\u00e9trico y el seguimiento de todos los habitantes del pa\u00eds. El sistema permite a las agencias de seguridad hacer \u201creferencias cruzadas\u201d de informaci\u00f3n con datos biom\u00e9tricos y otros datos inicialmente recogidos con el fin de mantener la operatoria del Registro Nacional del Documento Nacional de Identidad (DNI) y Pasaporte, agregar muestras de ADN, digitalizar huellas dactilares, y construir un registro biom\u00e9trico de todos los habitantes.<\/p>\n<p lang=\"es-ES\">SIBIOS fue dise\u00f1ado para el uso de combinado de todas las fuerzas de seguridad y organismos estatales como la Direcci\u00f3n de Migraciones, la Polic\u00eda Aeroportuaria y la Gendarmer\u00eda Nacional, e incluso estar\u00e1 disponible a las fuerzas policiales federales, provinciales y municipales. En el futuro cercano se espera integrar sistemas de reconocimiento facial a las im\u00e1genes y grabaciones obtenidas por las c\u00e1maras de videovigilancia emplazadas en la v\u00eda p\u00fablica con las obtenidas por SIBIOS.<\/p>\n<p lang=\"es-ES\">A principios de 2012 la Secretar\u00eda de Transportes implementa el Sistema \u00danico de Boleto Electr\u00f3nico (SUBE) una tarjeta electr\u00f3nica de uso individual y obligatorio para utilizar el transporte p\u00fablico. El sistema permitir\u00e1, seg\u00fan las autoridades, generar una base de datos con los recorridos de cada usuario, en tiempo real, y cruzar los datos identificatorios con otras bases de datos nacionales, en particular con la Administraci\u00f3n Federal de Ingresos P\u00fablicos al efecto de asignar a cada persona una tarifa diferencial en funci\u00f3n de sus ingresos. SUBE tiene 7.200.000 usuarios identificados y registrados en el \u00e1mbito de la Ciudad de Buenos Aires y Conurbano. Paralelamente se implementan el \u201cProyecto X\u201d, un software de vigilancia de la Gendarmer\u00eda Nacional para identificar l\u00edderes pol\u00edticos y sociales vinculados a la protesta social y sindical, y los \u201cCentros de Monitoreo y Videovigilancia\u201d de la Polic\u00eda Federal en los que personal especializado, en tiempo real, monitorea con c\u00e1maras de alta tecnolog\u00eda, puntos estrat\u00e9gicos de la Ciudad de Buenos Aires. Cabe destacar que el Gobierno de la Ciudad de Buenos Aires implementa, paralelamente, su propia red de videovigilancia y sus centros de monitoreo a cargo de la Polic\u00eda Metropolitana.<\/p>\n<p lang=\"es-ES\">En los \u00faltimos meses se ha profundizado el discurso gubernamental que vincula la lucha contra el crimen y la delincuencia con la combinaci\u00f3n entre tecnolog\u00edas de videovigilancia y control biom\u00e9trico de la poblaci\u00f3n expresados tanto por el candidato opositor Sergio Masa (Intendente del Municipio bonaerense de Tigre) y el flamante Ministro de Seguridad de la Provincia de Buenos Aires, Alejandro Granados, que ha prometido terminar con la \u201cinseguridad ciudadana\u201d instalando \u201cmiles de c\u00e1maras de seguridad\u201d. Esta tendencia est\u00e1 ampliamente aceptada y legitimada por el conjunto de la poblaci\u00f3n del pa\u00eds lo que dificulta cualquier tipo de campa\u00f1a, acci\u00f3n o discurso cr\u00edtico hacia las implicancias sobre la vigencia de libertades democr\u00e1ticas como consecuencia de la implantaci\u00f3n omnipresente de la sociedad de vigilancia y control.<\/p>\n","protected":false},"excerpt":{"rendered":"<p>Autor: Luis Garcia Fanlo (Soci\u00f3logo. Miembro de Lavits y profesor Universidad de Buenos Aires &#8211; UBA) Hacia 2007 ya se instalaban anualmente en la Ciudad de Buenos Aires unas 20.000 [&hellip;]<\/p>\n","protected":false},"author":1,"featured_media":0,"comment_status":"closed","ping_status":"closed","sticky":false,"template":"","format":"standard","meta":{"inline_featured_image":false,"_EventAllDay":false,"_EventTimezone":"","_EventStartDate":"","_EventEndDate":"","_EventStartDateUTC":"","_EventEndDateUTC":"","_EventShowMap":false,"_EventShowMapLink":false,"_EventURL":"","_EventCost":"","_EventCostDescription":"","_EventCurrencySymbol":"","_EventCurrencyCode":"","_EventCurrencyPosition":"","_EventDateTimeSeparator":"","_EventTimeRangeSeparator":"","_EventOrganizerID":[],"_EventVenueID":[],"_OrganizerEmail":"","_OrganizerPhone":"","_OrganizerWebsite":"","_VenueAddress":"","_VenueCity":"","_VenueCountry":"","_VenueProvince":"","_VenueState":"","_VenueZip":"","_VenuePhone":"","_VenueURL":"","_VenueStateProvince":"","_VenueLat":"","_VenueLng":"","_VenueShowMap":false,"_VenueShowMapLink":false,"footnotes":""},"categories":[589],"tags":[],"tematica":[],"destaque":[],"class_list":["post-734","post","type-post","status-publish","format-standard","hentry","category-noticias-2"],"blocksy_meta":{"styles_descriptor":{"styles":{"desktop":"","tablet":"","mobile":""},"google_fonts":[],"version":6}},"acf":[],"_links":{"self":[{"href":"https:\/\/lavits.org\/es\/wp-json\/wp\/v2\/posts\/734","targetHints":{"allow":["GET"]}}],"collection":[{"href":"https:\/\/lavits.org\/es\/wp-json\/wp\/v2\/posts"}],"about":[{"href":"https:\/\/lavits.org\/es\/wp-json\/wp\/v2\/types\/post"}],"author":[{"embeddable":true,"href":"https:\/\/lavits.org\/es\/wp-json\/wp\/v2\/users\/1"}],"replies":[{"embeddable":true,"href":"https:\/\/lavits.org\/es\/wp-json\/wp\/v2\/comments?post=734"}],"version-history":[{"count":1,"href":"https:\/\/lavits.org\/es\/wp-json\/wp\/v2\/posts\/734\/revisions"}],"predecessor-version":[{"id":5475,"href":"https:\/\/lavits.org\/es\/wp-json\/wp\/v2\/posts\/734\/revisions\/5475"}],"wp:attachment":[{"href":"https:\/\/lavits.org\/es\/wp-json\/wp\/v2\/media?parent=734"}],"wp:term":[{"taxonomy":"category","embeddable":true,"href":"https:\/\/lavits.org\/es\/wp-json\/wp\/v2\/categories?post=734"},{"taxonomy":"post_tag","embeddable":true,"href":"https:\/\/lavits.org\/es\/wp-json\/wp\/v2\/tags?post=734"},{"taxonomy":"tematica","embeddable":true,"href":"https:\/\/lavits.org\/es\/wp-json\/wp\/v2\/tematica?post=734"},{"taxonomy":"destaque","embeddable":true,"href":"https:\/\/lavits.org\/es\/wp-json\/wp\/v2\/destaque?post=734"}],"curies":[{"name":"wp","href":"https:\/\/api.w.org\/{rel}","templated":true}]}}