{"id":1209,"count":1,"description":"","link":"https:\/\/lavits.org\/es\/tag\/1o-seminario-de-geracao-cidada-de-dados\/","name":"1\u00ba Semin\u00e1rio de Gera\u00e7\u00e3o Cidad\u00e3 de Dados","slug":"1o-seminario-de-geracao-cidada-de-dados","taxonomy":"post_tag","meta":[],"_links":{"self":[{"href":"https:\/\/lavits.org\/es\/wp-json\/wp\/v2\/tags\/1209","targetHints":{"allow":["GET"]}}],"collection":[{"href":"https:\/\/lavits.org\/es\/wp-json\/wp\/v2\/tags"}],"about":[{"href":"https:\/\/lavits.org\/es\/wp-json\/wp\/v2\/taxonomies\/post_tag"}],"wp:post_type":[{"href":"https:\/\/lavits.org\/es\/wp-json\/wp\/v2\/posts?tags=1209"},{"href":"https:\/\/lavits.org\/es\/wp-json\/wp\/v2\/tribe_events?tags=1209"},{"href":"https:\/\/lavits.org\/es\/wp-json\/wp\/v2\/tec_calendar_embed?tags=1209"}],"curies":[{"name":"wp","href":"https:\/\/api.w.org\/{rel}","templated":true}]}}